{"id":2039,"date":"2021-06-12T07:46:21","date_gmt":"2021-06-12T07:46:21","guid":{"rendered":"https:\/\/blog-new.buyahomemallorca.com\/blog\/?p=2039"},"modified":"2021-07-15T10:05:24","modified_gmt":"2021-07-15T08:05:24","slug":"vom-opernhaus-zum-brotbacken-in-einem-wunderschonen-mallorquinischen-dorf","status":"publish","type":"post","link":"https:\/\/www.buyahomemallorca.de\/blog\/vom-opernhaus-zum-brotbacken-in-einem-wunderschonen-mallorquinischen-dorf\/","title":{"rendered":"Vom Opernhaus zum Brotbacken in einem wundersch\u00f6nen mallorquinischen Dorf"},"content":{"rendered":"<p>Kleine urige D\u00f6rfer, die malerische mediterrane Landschaft und der unglaubliche Strand Es Trenc mit t\u00fcrkisfarbenem Wasser und wei\u00dfem Sandstrand \u2013 Daniel und Ren\u00e9 haben im S\u00fcden Mallorcas ihr Traumhaus gefunden.<\/p>\n\n\n\n<!--more-->\n\n\n\n<p>\u201eSch\u00f6ne lange Sommer, die weite, ruhige Natur des S\u00fcdostens \u2013 wir haben uns schon vor Jahren in Mallorca verliebt\u201c<\/p>\n\n\n\n<figure class=\"wp-block-image size-large\"><div style=\"width: 1024px;\" data-width=\"1024\" class=\"ratio-wrap\"><div class=\"ratio-box\" style=\"padding-bottom: 75% !important;\"><img loading=\"lazy\" decoding=\"async\" width=\"1024\" height=\"768\" alt=\"\" class=\"wp-image-2021 lazyload\" data-src=\"https:\/\/www.buyahomemallorca.com\/blog\/wp-content\/uploads\/2021\/06\/DSCF2999-1024x768.jpg\" data-srcset=\"https:\/\/www.buyahomemallorca.de\/blog\/wp-content\/uploads\/2021\/06\/DSCF2999-1024x768.jpg 1024w, https:\/\/www.buyahomemallorca.de\/blog\/wp-content\/uploads\/2021\/06\/DSCF2999-300x225.jpg 300w, https:\/\/www.buyahomemallorca.de\/blog\/wp-content\/uploads\/2021\/06\/DSCF2999-768x576.jpg 768w, https:\/\/www.buyahomemallorca.de\/blog\/wp-content\/uploads\/2021\/06\/DSCF2999-1536x1152.jpg 1536w, https:\/\/www.buyahomemallorca.de\/blog\/wp-content\/uploads\/2021\/06\/DSCF2999-2048x1536.jpg 2048w, https:\/\/www.buyahomemallorca.de\/blog\/wp-content\/uploads\/2021\/06\/DSCF2999-870x653.jpg 870w, https:\/\/www.buyahomemallorca.de\/blog\/wp-content\/uploads\/2021\/06\/DSCF2999-670x503.jpg 670w\" data-sizes=\"auto, (max-width: 1024px) 100vw, 1024px\"><\/img><\/div><\/div><figcaption>Daniel genie\u00dft die mediterrane Nachmittagssonne am Pool.<\/figcaption><\/figure>\n\n\n\n<p>Der professionelle Operns\u00e4nger <a href=\"http:\/\/www.danielkirch.de\/\" target=\"_blank\" rel=\"noreferrer noopener\">Daniel Kirch<\/a> und sein Partner Ren\u00e9 Kirch D\u00fcring, der eine <a href=\"https:\/\/www.bettyf.de\/\" target=\"_blank\" rel=\"noreferrer noopener\">Bar in Berlin<\/a> betreibt, besuchen Mallorca jeden Sommer, um hier ihren Urlaub zu verbringen. Sie genie\u00dfen die wei\u00dfen langen Str\u00e4nde, den Geruch des salzigen Wassers und die ruhige Atmosph\u00e4re der vielen D\u00f6rfer, die die K\u00fcstenlinie des S\u00fcdostens von Mallorca zeichnen.<br><\/br>\u2013 Wir lieben die Insel. Wir kommen jedes Jahr wieder nach Mallorca \u2013 manchmal sogar zweimal.<\/p>\n\n\n\n<figure class=\"wp-block-image size-large\"><div style=\"width: 1024px;\" data-width=\"1024\" class=\"ratio-wrap\"><div class=\"ratio-box\" style=\"padding-bottom: 66.69921875% !important;\"><img loading=\"lazy\" decoding=\"async\" width=\"1024\" height=\"683\" alt=\"\" class=\"wp-image-2023 lazyload\" data-src=\"https:\/\/www.buyahomemallorca.com\/blog\/wp-content\/uploads\/2021\/06\/DSCF0195-1024x683.jpg\" data-srcset=\"https:\/\/www.buyahomemallorca.de\/blog\/wp-content\/uploads\/2021\/06\/DSCF0195-1024x683.jpg 1024w, https:\/\/www.buyahomemallorca.de\/blog\/wp-content\/uploads\/2021\/06\/DSCF0195-300x200.jpg 300w, https:\/\/www.buyahomemallorca.de\/blog\/wp-content\/uploads\/2021\/06\/DSCF0195-768x512.jpg 768w, https:\/\/www.buyahomemallorca.de\/blog\/wp-content\/uploads\/2021\/06\/DSCF0195-1536x1024.jpg 1536w, https:\/\/www.buyahomemallorca.de\/blog\/wp-content\/uploads\/2021\/06\/DSCF0195-2048x1365.jpg 2048w, https:\/\/www.buyahomemallorca.de\/blog\/wp-content\/uploads\/2021\/06\/DSCF0195-870x580.jpg 870w, https:\/\/www.buyahomemallorca.de\/blog\/wp-content\/uploads\/2021\/06\/DSCF0195-690x460.jpg 690w, https:\/\/www.buyahomemallorca.de\/blog\/wp-content\/uploads\/2021\/06\/DSCF0195-670x447.jpg 670w, https:\/\/www.buyahomemallorca.de\/blog\/wp-content\/uploads\/2021\/06\/DSCF0195-345x230.jpg 345w, https:\/\/www.buyahomemallorca.de\/blog\/wp-content\/uploads\/2021\/06\/DSCF0195-100x66.jpg 100w\" data-sizes=\"auto, (max-width: 1024px) 100vw, 1024px\"><\/img><\/div><\/div><figcaption>Es Trenc, Daniels Lieblingsstrand, liegt im S\u00fcdosten von Mallorca.<\/figcaption><\/figure>\n\n\n\n<p>Vor sechs Jahren, nachdem sie mit ihren Freunden einen weiteren tollen Urlaub auf der Insel verbracht hatten, versp\u00fcrten sie das Bed\u00fcrfnis nach etwas mehr. Daniel arbeitete zu dieser Zeit an der Oper in Graz, \u00d6sterreich.<br><\/br>\u2013 Als wir nach einem weiteren Sommerurlaub auf Mallorca nach Hause kamen, haben wir uns gefragt<br><\/br>\u201eWarum nicht Mallorca zu unserer festen Heimat machen und einfach auf dieser wundersch\u00f6nen Insel bleiben?\u201c.<br><\/br>Gesagt, getan. Und die Wohnungssuche begann. Sie begannen auf Mallorca nach H\u00e4usern zu suchen und konzentrierten ihre Suche auf die idyllische Gegend im S\u00fcdosten Mallorcas. Mit seinen bl\u00fchenden Weinbergen von Santany\u00ed bis Felanitx, der einzigartigen K\u00fcste, dem vertr\u00e4umten Dorf Portocolom und der wundersch\u00f6nen Landschaft s\u00fcdlich von Campos \u2013 hier wollten sie leben.<br><\/br>\u2013 Wir besuchten mehrere Besichtigungen verschiedener Immobilien, konnten aber nicht das perfekte Zuhause finden, das wir suchten. Aber dann, eines Tages, zur\u00fcck in Deutschland und kurz vor dem Aufgeben, rief uns die Agentur an und erz\u00e4hlte uns von einer Finca in der N\u00e4he des kleinen Hafendorfes Portocolom.<\/p>\n\n\n\n<figure class=\"wp-block-image size-large\"><div style=\"width: 1024px;\" data-width=\"1024\" class=\"ratio-wrap\"><div class=\"ratio-box\" style=\"padding-bottom: 66.69921875% !important;\"><img loading=\"lazy\" decoding=\"async\" width=\"1024\" height=\"683\" alt=\"\" class=\"wp-image-2025 lazyload\" data-src=\"https:\/\/www.buyahomemallorca.com\/blog\/wp-content\/uploads\/2021\/06\/DSCF3107-1024x683.jpg\" data-srcset=\"https:\/\/www.buyahomemallorca.de\/blog\/wp-content\/uploads\/2021\/06\/DSCF3107-1024x683.jpg 1024w, https:\/\/www.buyahomemallorca.de\/blog\/wp-content\/uploads\/2021\/06\/DSCF3107-300x200.jpg 300w, https:\/\/www.buyahomemallorca.de\/blog\/wp-content\/uploads\/2021\/06\/DSCF3107-768x512.jpg 768w, https:\/\/www.buyahomemallorca.de\/blog\/wp-content\/uploads\/2021\/06\/DSCF3107-1536x1024.jpg 1536w, https:\/\/www.buyahomemallorca.de\/blog\/wp-content\/uploads\/2021\/06\/DSCF3107-2048x1365.jpg 2048w, https:\/\/www.buyahomemallorca.de\/blog\/wp-content\/uploads\/2021\/06\/DSCF3107-870x580.jpg 870w, https:\/\/www.buyahomemallorca.de\/blog\/wp-content\/uploads\/2021\/06\/DSCF3107-690x460.jpg 690w, https:\/\/www.buyahomemallorca.de\/blog\/wp-content\/uploads\/2021\/06\/DSCF3107-670x447.jpg 670w, https:\/\/www.buyahomemallorca.de\/blog\/wp-content\/uploads\/2021\/06\/DSCF3107-345x230.jpg 345w, https:\/\/www.buyahomemallorca.de\/blog\/wp-content\/uploads\/2021\/06\/DSCF3107-100x66.jpg 100w\" data-sizes=\"auto, (max-width: 1024px) 100vw, 1024px\"><\/img><\/div><\/div><figcaption>Das malerische Dorf Portocolom mit seinen bunten H\u00e4usern.<\/figcaption><\/figure>\n\n\n\n<h2 class=\"wp-block-heading\">Das Traumhaus finden<\/h2>\n\n\n\n<p>Sie kehrten zur Besichtigung nach Mallorca zur\u00fcck und verliebten sich sofort in die wundersch\u00f6ne rustikale Finca, die in einer ruhigen Gegend und umgeben von Natur liegt. \u2013 Der Duft von Blumen und Pinienwald und das Gef\u00fchl in der Luft, dass man dem Meer nahe ist. Es war wundervoll. Also haben wir den Vertrag unterschrieben und es war die beste Entscheidung, die wir je getroffen haben. Und seit 6 Jahren leben wir nun in diesem Paradies.<br><\/br>\u2013 Wir lieben die langen Sommer, die ruhige Atmosph\u00e4re und verbringen die Tage in unserem Garten und genie\u00dfen einfach die Sch\u00f6nheit, von der wir umgeben sind.<br><\/br>Daniel und Ren\u00e9 entschieden sich auch, Spanisch zu lernen, um Kontakte zu kn\u00fcpfen und mehr Zeit mit den Menschen auf der Insel zu verbringen. \u2013 Es war uns wichtig, hier auf Mallorca nicht nur zu leben, sondern auch ein Teil der Gemeinschaft zu werden. Dadurch f\u00fchlt es sich so an wie zu Hause.<\/p>\n\n\n\n<figure class=\"wp-block-image size-large\"><div style=\"width: 768px;\" data-width=\"768\" class=\"ratio-wrap\"><div class=\"ratio-box\" style=\"padding-bottom: 133.33333333333% !important;\"><img loading=\"lazy\" decoding=\"async\" width=\"768\" height=\"1024\" alt=\"\" class=\"wp-image-2026 lazyload\" data-src=\"https:\/\/www.buyahomemallorca.com\/blog\/wp-content\/uploads\/2021\/06\/DSCF3083-768x1024.jpg\" data-srcset=\"https:\/\/www.buyahomemallorca.de\/blog\/wp-content\/uploads\/2021\/06\/DSCF3083-768x1024.jpg 768w, https:\/\/www.buyahomemallorca.de\/blog\/wp-content\/uploads\/2021\/06\/DSCF3083-225x300.jpg 225w, https:\/\/www.buyahomemallorca.de\/blog\/wp-content\/uploads\/2021\/06\/DSCF3083-1152x1536.jpg 1152w, https:\/\/www.buyahomemallorca.de\/blog\/wp-content\/uploads\/2021\/06\/DSCF3083-1536x2048.jpg 1536w, https:\/\/www.buyahomemallorca.de\/blog\/wp-content\/uploads\/2021\/06\/DSCF3083-870x1160.jpg 870w, https:\/\/www.buyahomemallorca.de\/blog\/wp-content\/uploads\/2021\/06\/DSCF3083-670x893.jpg 670w\" data-sizes=\"auto, (max-width: 768px) 100vw, 768px\"><\/img><\/div><\/div><figcaption>Die Llaut ist das traditionellste Boot der Balearen, und Sie werden viele davon in Portocolom sehen.<\/figcaption><\/figure>\n\n\n\n<p>Daniel und Ren\u00e9, die es lieben, wenn ihre Freunde zu Besuch kommen, fanden es wichtig, dass ihr Zuhause viel Platz f\u00fcr G\u00e4ste bietet. Zum Gl\u00fcck gibt es auch zwei G\u00e4steapartments in ihrer mediterranen Finca mit gro\u00dfem blauen Pool und sch\u00f6nem Garten.<br><\/br>\u2013 Wir lieben es, die sch\u00f6nen Sommermonate hier zusammen mit unseren Freunden zu genie\u00dfen.<\/p>\n\n\n\n<h2 class=\"wp-block-heading\">Ein Ort, um nach Hause zu kommen<\/h2>\n\n\n\n<p>W\u00e4hrend seiner Karriere bereiste Daniel Kirch die Welt und sang unter anderem an den gro\u00dfen Opernh\u00e4usern in Berlin, M\u00fcnchen, Barcelona, \u200b\u200bTokio, Paris, London, Peking, Budapest, Leipzig, Warschau, Graz, Amsterdam und Lyon.<br><\/br>Er spielte gro\u00dfe Rollen wie die Hauptfigur Tristan in \u201eTristan und Isolde\u201c von Richard Wagner.<br><\/br>\u2013 Ich liebte diesen kosmopolitischen Lebensstil \u2013 ich gab Konzerte in den Grand Opera Houses der Welt und besuchte riesige St\u00e4dte wie Tokio, wo sie europ\u00e4ische S\u00e4nger und K\u00fcnstler lieben. Es war ein enormer Kontrast, in unser ruhiges Zuhause auf Mallorca zur\u00fcckzukehren \u2013 in der warmen Abendsonne zu entspannen und sich von einer hektischen, aber wunderbaren Arbeitsreise zu erholen.<br><\/br>Daniel findet, dass das Leben auf Mallorca perfekt f\u00fcr Leute ist, die beruflich viel reisen m\u00fcssen.<br><\/br>\u2013 Es ist gut angebunden, einfach und schnell zu erreichen. Auch wenn wir regelm\u00e4\u00dfig zu unserer Bar in Berlin fliegen mussten, waren wir in nur 3 Stunden wieder auf unserer Lieblingsinsel.<\/p>\n\n\n\n<figure class=\"wp-block-image size-large\"><div style=\"width: 1024px;\" data-width=\"1024\" class=\"ratio-wrap\"><div class=\"ratio-box\" style=\"padding-bottom: 66.69921875% !important;\"><img loading=\"lazy\" decoding=\"async\" width=\"1024\" height=\"683\" alt=\"\" class=\"wp-image-2031 lazyload\" data-src=\"https:\/\/www.buyahomemallorca.com\/blog\/wp-content\/uploads\/2021\/06\/DSCF3038-1024x683.jpg\" data-srcset=\"https:\/\/www.buyahomemallorca.de\/blog\/wp-content\/uploads\/2021\/06\/DSCF3038-1024x683.jpg 1024w, https:\/\/www.buyahomemallorca.de\/blog\/wp-content\/uploads\/2021\/06\/DSCF3038-300x200.jpg 300w, https:\/\/www.buyahomemallorca.de\/blog\/wp-content\/uploads\/2021\/06\/DSCF3038-768x512.jpg 768w, https:\/\/www.buyahomemallorca.de\/blog\/wp-content\/uploads\/2021\/06\/DSCF3038-1536x1024.jpg 1536w, https:\/\/www.buyahomemallorca.de\/blog\/wp-content\/uploads\/2021\/06\/DSCF3038-2048x1365.jpg 2048w, https:\/\/www.buyahomemallorca.de\/blog\/wp-content\/uploads\/2021\/06\/DSCF3038-870x580.jpg 870w, https:\/\/www.buyahomemallorca.de\/blog\/wp-content\/uploads\/2021\/06\/DSCF3038-690x460.jpg 690w, https:\/\/www.buyahomemallorca.de\/blog\/wp-content\/uploads\/2021\/06\/DSCF3038-670x447.jpg 670w, https:\/\/www.buyahomemallorca.de\/blog\/wp-content\/uploads\/2021\/06\/DSCF3038-345x230.jpg 345w, https:\/\/www.buyahomemallorca.de\/blog\/wp-content\/uploads\/2021\/06\/DSCF3038-100x66.jpg 100w\" data-sizes=\"auto, (max-width: 1024px) 100vw, 1024px\"><\/img><\/div><\/div><figcaption>Daniel ist oft hier, um die sch\u00f6ne Aussicht von der Terrasse zu genie\u00dfen.<\/figcaption><\/figure>\n\n\n\n<figure class=\"wp-block-image size-large\"><div style=\"width: 1024px;\" data-width=\"1024\" class=\"ratio-wrap\"><div class=\"ratio-box\" style=\"padding-bottom: 75% !important;\"><img loading=\"lazy\" decoding=\"async\" width=\"1024\" height=\"768\" alt=\"\" class=\"wp-image-2032 lazyload\" data-src=\"https:\/\/www.buyahomemallorca.com\/blog\/wp-content\/uploads\/2021\/06\/DSCF3028-5-1024x768.jpg\" data-srcset=\"https:\/\/www.buyahomemallorca.de\/blog\/wp-content\/uploads\/2021\/06\/DSCF3028-5-1024x768.jpg 1024w, https:\/\/www.buyahomemallorca.de\/blog\/wp-content\/uploads\/2021\/06\/DSCF3028-5-300x225.jpg 300w, https:\/\/www.buyahomemallorca.de\/blog\/wp-content\/uploads\/2021\/06\/DSCF3028-5-768x576.jpg 768w, https:\/\/www.buyahomemallorca.de\/blog\/wp-content\/uploads\/2021\/06\/DSCF3028-5-1536x1152.jpg 1536w, https:\/\/www.buyahomemallorca.de\/blog\/wp-content\/uploads\/2021\/06\/DSCF3028-5-2048x1536.jpg 2048w, https:\/\/www.buyahomemallorca.de\/blog\/wp-content\/uploads\/2021\/06\/DSCF3028-5-870x653.jpg 870w, https:\/\/www.buyahomemallorca.de\/blog\/wp-content\/uploads\/2021\/06\/DSCF3028-5-670x503.jpg 670w\" data-sizes=\"auto, (max-width: 1024px) 100vw, 1024px\"><\/img><\/div><\/div><figcaption>Daniel bei einem Spaziergang zwischen Olivenb\u00e4umen, Aloe Vera, Agaven und Avocadob\u00e4umen in seinem Garten.<\/figcaption><\/figure>\n\n\n\n<h2 class=\"wp-block-heading\">Eine pl\u00f6tzliche Ver\u00e4nderung<\/h2>\n\n\n\n<p>Anfang 2020 hat sich die Welt und das Leben der Menschen scheinbar \u00fcber Nacht ver\u00e4ndert. Die Pandemie war nun ganz nah.<br><\/br>\u2013 Es hat uns hart getroffen. Nicht nur alle Veranstaltungen und Konzerte, die ich f\u00fcr das ganze Jahr geplant hatte, wurden abgesagt, auch unsere Bar in Berlin musste ohne Perspektive zur Wiederer\u00f6ffnung schlie\u00dfen. Nie zuvor hatten wir mit Zukunfts\u00e4ngsten zu k\u00e4mpfen.<\/p>\n\n\n\n<p>Es gab sogar einen kurzen Moment kurz vor dem ersten Lockdown im Jahr 2020, als sie daran dachten, nach Deutschland zur\u00fcckzukehren. Aber am Ende beschlossen sie, sich der Situation zu stellen und das Beste daraus zu machen.<br><\/br>\u2013 Heute bin ich so froh, dass wir hier geblieben sind!<\/p>\n\n\n\n<p>Nach einer sehr ruhigen Zeit auf ihrer Finca, in der die Realit\u00e4t pausierte, ging Daniel mit seinem geliebten Hobby, dem Brotbacken, einen Schritt weiter. Jetzt verkauft er handgemachtes deutsches Brot und andere Waren wie Kuchen und Torten auf dem lokalen Markt in Santanyi.<br><\/br>\u2013 Ich liebe die Backkunst, aber es war nie mein Plan, Brot professionell zu backen. Aber jetzt ist es f\u00fcr mich wie Singen \u2013 eine Leidenschaft.<br><\/br>Und wer wei\u00df, was die Zukunft bringt \u2013 vielleicht eine deutsche B\u00e4ckerei auf Mallorca?<br><\/br>\u2013 Die Pandemie hat uns mehr Freiheit gegeben, zu tun, was wir wollen. Sie hat uns gezeigt, dass Ver\u00e4nderungen jederzeit m\u00f6glich sind und wir freuen uns sehr, Mallorca in diesen einzigartigen Zeiten unser Zuhause nennen zu k\u00f6nnen.<\/p>\n\n\n\n<figure class=\"wp-block-image size-large\"><div style=\"width: 1024px;\" data-width=\"1024\" class=\"ratio-wrap\"><div class=\"ratio-box\" style=\"padding-bottom: 66.69921875% !important;\"><img loading=\"lazy\" decoding=\"async\" width=\"1024\" height=\"683\" alt=\"\" class=\"wp-image-2033 lazyload\" data-src=\"https:\/\/www.buyahomemallorca.com\/blog\/wp-content\/uploads\/2021\/06\/DSCF1871-5-1024x683.jpg\" data-srcset=\"https:\/\/www.buyahomemallorca.de\/blog\/wp-content\/uploads\/2021\/06\/DSCF1871-5-1024x683.jpg 1024w, https:\/\/www.buyahomemallorca.de\/blog\/wp-content\/uploads\/2021\/06\/DSCF1871-5-300x200.jpg 300w, https:\/\/www.buyahomemallorca.de\/blog\/wp-content\/uploads\/2021\/06\/DSCF1871-5-768x512.jpg 768w, https:\/\/www.buyahomemallorca.de\/blog\/wp-content\/uploads\/2021\/06\/DSCF1871-5-1536x1024.jpg 1536w, https:\/\/www.buyahomemallorca.de\/blog\/wp-content\/uploads\/2021\/06\/DSCF1871-5-2048x1365.jpg 2048w, https:\/\/www.buyahomemallorca.de\/blog\/wp-content\/uploads\/2021\/06\/DSCF1871-5-870x580.jpg 870w, https:\/\/www.buyahomemallorca.de\/blog\/wp-content\/uploads\/2021\/06\/DSCF1871-5-690x460.jpg 690w, https:\/\/www.buyahomemallorca.de\/blog\/wp-content\/uploads\/2021\/06\/DSCF1871-5-670x447.jpg 670w, https:\/\/www.buyahomemallorca.de\/blog\/wp-content\/uploads\/2021\/06\/DSCF1871-5-345x230.jpg 345w, https:\/\/www.buyahomemallorca.de\/blog\/wp-content\/uploads\/2021\/06\/DSCF1871-5-100x66.jpg 100w\" data-sizes=\"auto, (max-width: 1024px) 100vw, 1024px\"><\/img><\/div><\/div><figcaption>Daniels leckeres Brot auf dem Markt in Santanyi.<\/figcaption><\/figure>\n\n\n\n<p>W\u00e4hrend die gro\u00dfen Opern der Welt noch geschlossen waren, organisierte Daniel kleine Privatkonzerte in wundersch\u00f6nen Fincas auf dem Land, um dabei zu bleiben. Er begann auch, Konzerte in der Bartolomeo-Kirche in S\u00f3ller und in der Kathedrale Sa Nostra in Palma zu geben, spielte St\u00fccke von Schubert, Schumann und Strauss und begann mit einem mallorquinischen Pianisten zusammenzuarbeiten.<br><\/br>\u2013 Es ist wirklich sch\u00f6n zu sehen, wie die Pandemie uns unserer eigenen Nachbarschaft und den Menschen um uns herum n\u00e4her gebracht hat.<\/p>\n\n\n\n<h2 class=\"wp-block-heading\">Zur\u00fcck zur Normalit\u00e4t<\/h2>\n\n\n\n<p>Langsam erholen sich die Dinge, sowohl auf Mallorca als auch weltweit, und das Leben, wie wir es kennen, kehrt zur\u00fcck.<br><\/br>\u2013 Wir haben uns an unseren \u201etranquilo\u201c Lebensstil gew\u00f6hnt. Fr\u00fcher flogen wir mehrmals im Jahr nach Mallorca \u2013 jetzt sind wir erstmals mehr als ein ganzes Jahr auf der Insel. Wir f\u00fchlen uns so viel ges\u00fcnder, diese mallorquinische Lebensweise zeigt wirklich ihre Wirkung auf uns. Wir sind jetzt gl\u00fccklicher und sch\u00e4tzen das, was wir haben und wovon wir umgeben sind, noch mehr.<\/p>\n\n\n\n<p>Aber auch die Zukunft bietet gro\u00dfe Chancen. Daniel wurde gerade f\u00fcr einen Auftritt bei den weltber\u00fchmten \u201e<a href=\"https:\/\/www.bayreuther-festspiele.de\/en\/\" target=\"_blank\" rel=\"noreferrer noopener\">Bayreuther Musikfestspielen<\/a>\u201c gebucht, die j\u00e4hrlich in Bayreuth stattfinden und bei denen Opern des deutschen Komponisten des 19. Jahrhunderts Richard Wagner aufgef\u00fchrt werden.<br><\/br>\u2013 Ich freue mich sehr \u00fcber die gro\u00dfe Chance, gerade in diesen Zeiten, in denen der Kulturbereich sehr gelitten hat.<br><\/br>Im September wird er auch wieder in der <a href=\"https:\/\/www.theater-chemnitz.de\/oper\" target=\"_blank\" rel=\"noreferrer noopener\">Oper Chemnitz<\/a> auftreten. Auch wenn die Tour und die Proben bald beginnen, werden Daniel und Ren\u00e9 diesen Sommer noch viel Zeit auf Mallorca verbringen k\u00f6nnen. \u2013 Es ist das Zuhause, das wir gew\u00e4hlt haben und lieben.<\/p>\n\n\n\n<figure class=\"wp-block-image size-large\"><div style=\"width: 1024px;\" data-width=\"1024\" class=\"ratio-wrap\"><div class=\"ratio-box\" style=\"padding-bottom: 75% !important;\"><img loading=\"lazy\" decoding=\"async\" width=\"1024\" height=\"768\" alt=\"\" class=\"wp-image-2035 lazyload\" data-src=\"https:\/\/www.buyahomemallorca.com\/blog\/wp-content\/uploads\/2021\/06\/DSCF3061-1024x768.jpg\" data-srcset=\"https:\/\/www.buyahomemallorca.de\/blog\/wp-content\/uploads\/2021\/06\/DSCF3061-1024x768.jpg 1024w, https:\/\/www.buyahomemallorca.de\/blog\/wp-content\/uploads\/2021\/06\/DSCF3061-300x225.jpg 300w, https:\/\/www.buyahomemallorca.de\/blog\/wp-content\/uploads\/2021\/06\/DSCF3061-768x576.jpg 768w, https:\/\/www.buyahomemallorca.de\/blog\/wp-content\/uploads\/2021\/06\/DSCF3061-1536x1152.jpg 1536w, https:\/\/www.buyahomemallorca.de\/blog\/wp-content\/uploads\/2021\/06\/DSCF3061-2048x1536.jpg 2048w, https:\/\/www.buyahomemallorca.de\/blog\/wp-content\/uploads\/2021\/06\/DSCF3061-870x652.jpg 870w, https:\/\/www.buyahomemallorca.de\/blog\/wp-content\/uploads\/2021\/06\/DSCF3061-670x502.jpg 670w\" data-sizes=\"auto, (max-width: 1024px) 100vw, 1024px\"><\/img><\/div><\/div><figcaption>Daniel reading notes by his piano.Daniel liest Noten von seinem Klavier.Daniel reading notes by his piano.<\/figcaption><\/figure>","protected":false},"excerpt":{"rendered":"<p>Kleine urige D\u00f6rfer, die malerische mediterrane Landschaft und der unglaubliche Strand Es Trenc mit t\u00fcrkisfarbenem Wasser und wei\u00dfem Sandstrand \u2013 Daniel und <span><a class=\"read-more\" href=\"https:\/\/www.buyahomemallorca.de\/blog\/vom-opernhaus-zum-brotbacken-in-einem-wunderschonen-mallorquinischen-dorf\/\">Read More<\/a><\/span><\/p>\n","protected":false},"author":1,"featured_media":2021,"comment_status":"open","ping_status":"open","sticky":false,"template":"","format":"standard","meta":{"footnotes":""},"categories":[396,408,412,313,323],"tags":[],"class_list":["post-2039","post","type-post","status-publish","format-standard","has-post-thumbnail","hentry","category-dorfleben","category-geschaefte-auf-mallorca","category-kultur-kulinarik","category-landleben","category-langzeitmiete"],"lang":"de","translations":{"de":2039,"en":2020,"sv":2043},"pll_sync_post":[],"_links":{"self":[{"href":"https:\/\/www.buyahomemallorca.de\/blog\/wp-json\/wp\/v2\/posts\/2039","targetHints":{"allow":["GET"]}}],"collection":[{"href":"https:\/\/www.buyahomemallorca.de\/blog\/wp-json\/wp\/v2\/posts"}],"about":[{"href":"https:\/\/www.buyahomemallorca.de\/blog\/wp-json\/wp\/v2\/types\/post"}],"author":[{"embeddable":true,"href":"https:\/\/www.buyahomemallorca.de\/blog\/wp-json\/wp\/v2\/users\/1"}],"replies":[{"embeddable":true,"href":"https:\/\/www.buyahomemallorca.de\/blog\/wp-json\/wp\/v2\/comments?post=2039"}],"version-history":[{"count":5,"href":"https:\/\/www.buyahomemallorca.de\/blog\/wp-json\/wp\/v2\/posts\/2039\/revisions"}],"predecessor-version":[{"id":2241,"href":"https:\/\/www.buyahomemallorca.de\/blog\/wp-json\/wp\/v2\/posts\/2039\/revisions\/2241"}],"wp:featuredmedia":[{"embeddable":true,"href":"https:\/\/www.buyahomemallorca.de\/blog\/wp-json\/wp\/v2\/media\/2021"}],"wp:attachment":[{"href":"https:\/\/www.buyahomemallorca.de\/blog\/wp-json\/wp\/v2\/media?parent=2039"}],"wp:term":[{"taxonomy":"category","embeddable":true,"href":"https:\/\/www.buyahomemallorca.de\/blog\/wp-json\/wp\/v2\/categories?post=2039"},{"taxonomy":"post_tag","embeddable":true,"href":"https:\/\/www.buyahomemallorca.de\/blog\/wp-json\/wp\/v2\/tags?post=2039"}],"curies":[{"name":"wp","href":"https:\/\/api.w.org\/{rel}","templated":true}]}}